{"id":5750,"date":"2017-06-21T14:13:20","date_gmt":"2017-06-21T12:13:20","guid":{"rendered":"http:\/\/sirkusinfo.fi\/?p=5750\/"},"modified":"2017-08-07T11:29:27","modified_gmt":"2017-08-07T09:29:27","slug":"circusinfo-attends-upsidedown-circus-and-space-conference-in-munster-june-28-30","status":"publish","type":"post","link":"https:\/\/sirkusinfo.fi\/en\/2017\/06\/circusinfo-attends-upsidedown-circus-and-space-conference-in-munster-june-28-30\/","title":{"rendered":"CircusInfo attends UpSideDown &#8211; Circus and Space conference in M\u00fcnster, June 28\u201330"},"content":{"rendered":"<p><img loading=\"lazy\" decoding=\"async\" class=\"size-medium wp-image-5390 alignright\" src=\"http:\/\/sirkusinfo.fi\/hallinta\/wp-content\/uploads\/2017\/05\/UpSideDown-300x178.png\" alt=\"\" width=\"300\" height=\"178\" srcset=\"https:\/\/sirkusinfo.fi\/hallinta\/wp-content\/uploads\/2017\/05\/UpSideDown-300x178.png 300w, https:\/\/sirkusinfo.fi\/hallinta\/wp-content\/uploads\/2017\/05\/UpSideDown.png 343w\" sizes=\"auto, (max-width: 300px) 100vw, 300px\" \/>Communications officer Johanna M\u00e4kel\u00e4 from CircusInfo Finland participates in the international conference on circus research at M\u00fcnster University, Germany during June 28\u201330. \u00a0The conference examines the question of space in the context of traditional, new, and contemporary circus through the lens of semiotics.<\/p>\n<p>The information and\u00a0documentation centres of circus \u2013 CircusInfo Finland, Circuscentrum, Cirqueon, Le centre de documentation du Cnac and \u00c9cole nationale de cirque Montreal \u2013 will discuss\u00a0the possibilities of mediating the information on circus research within the academic community and to wider audiences during\u00a0the\u00a0Strategic Planning Session on Thursday June 29.<\/p>\n<p>Read more about the conference on the website of <a href=\"https:\/\/www.uni-muenster.de\/Kulturpoetik\/en\/zirkuswissenschaft\/konferenz\/UpSideDown2017.html\" target=\"_blank\" rel=\"noopener noreferrer\">M\u00fcnster University<\/a>.<\/p>\n","protected":false},"excerpt":{"rendered":"<p>Communications officer Johanna M\u00e4kel\u00e4 from CircusInfo Finland participates in the international conference on circus research [&hellip;]<\/p>\n","protected":false},"author":28,"featured_media":1832,"comment_status":"open","ping_status":"open","sticky":false,"template":"","format":"standard","meta":{"_acf_changed":false,"footnotes":""},"categories":[12],"tags":[375,377,376],"class_list":["post-5750","post","type-post","status-publish","format-standard","has-post-thumbnail","hentry","category-circus-news","tag-circus-research","tag-munster-university","tag-semiotics"],"acf":[],"yoast_head":"<!-- This site is optimized with the Yoast SEO plugin v27.3 - https:\/\/yoast.com\/product\/yoast-seo-wordpress\/ -->\n<title>CircusInfo attends UpSideDown - Circus and Space conference in M\u00fcnster, June 28\u201330 &#8226; Sirkuksen Tiedotuskeskus<\/title>\n<meta name=\"robots\" content=\"index, follow, max-snippet:-1, max-image-preview:large, max-video-preview:-1\" \/>\n<link rel=\"canonical\" href=\"https:\/\/sirkusinfo.fi\/en\/2017\/06\/circusinfo-attends-upsidedown-circus-and-space-conference-in-munster-june-28-30\/\" \/>\n<meta property=\"og:locale\" content=\"en_US\" \/>\n<meta property=\"og:type\" content=\"article\" \/>\n<meta property=\"og:title\" content=\"CircusInfo attends UpSideDown - Circus and Space conference in M\u00fcnster, June 28\u201330 &#8226; Sirkuksen Tiedotuskeskus\" \/>\n<meta property=\"og:description\" content=\"Communications officer Johanna M\u00e4kel\u00e4 from CircusInfo Finland participates in the international conference on circus research [&hellip;]\" \/>\n<meta property=\"og:url\" content=\"https:\/\/sirkusinfo.fi\/en\/2017\/06\/circusinfo-attends-upsidedown-circus-and-space-conference-in-munster-june-28-30\/\" \/>\n<meta property=\"og:site_name\" content=\"Sirkuksen Tiedotuskeskus\" \/>\n<meta property=\"article:publisher\" content=\"https:\/\/www.facebook.com\/sirkusinfo\/\" \/>\n<meta property=\"article:published_time\" content=\"2017-06-21T12:13:20+00:00\" \/>\n<meta property=\"article:modified_time\" content=\"2017-08-07T09:29:27+00:00\" \/>\n<meta property=\"og:image\" content=\"https:\/\/sirkusinfo.fi\/hallinta\/wp-content\/uploads\/2016\/08\/Sirkusinfo_nelio.jpg\" \/>\n\t<meta property=\"og:image:width\" content=\"260\" \/>\n\t<meta property=\"og:image:height\" content=\"260\" \/>\n\t<meta property=\"og:image:type\" content=\"image\/jpeg\" \/>\n<meta name=\"author\" content=\"Miika Sillanp\u00e4\u00e4\" \/>\n<meta name=\"twitter:card\" content=\"summary_large_image\" \/>\n<meta name=\"twitter:creator\" content=\"@sirkusinfo\" \/>\n<meta name=\"twitter:site\" content=\"@sirkusinfo\" \/>\n<meta name=\"twitter:label1\" content=\"Written by\" \/>\n\t<meta name=\"twitter:data1\" content=\"Miika Sillanp\u00e4\u00e4\" \/>\n\t<meta name=\"twitter:label2\" content=\"Est. reading time\" \/>\n\t<meta name=\"twitter:data2\" content=\"1 minute\" \/>\n<script type=\"application\/ld+json\" class=\"yoast-schema-graph\">{\"@context\":\"https:\\\/\\\/schema.org\",\"@graph\":[{\"@type\":\"Article\",\"@id\":\"https:\\\/\\\/sirkusinfo.fi\\\/en\\\/2017\\\/06\\\/circusinfo-attends-upsidedown-circus-and-space-conference-in-munster-june-28-30\\\/#article\",\"isPartOf\":{\"@id\":\"https:\\\/\\\/sirkusinfo.fi\\\/en\\\/2017\\\/06\\\/circusinfo-attends-upsidedown-circus-and-space-conference-in-munster-june-28-30\\\/\"},\"author\":{\"name\":\"Miika Sillanp\u00e4\u00e4\",\"@id\":\"https:\\\/\\\/sirkusinfo.fi\\\/en\\\/#\\\/schema\\\/person\\\/936f4449d777e7b14a35ee7460c04353\"},\"headline\":\"CircusInfo attends UpSideDown &#8211; Circus and Space conference in M\u00fcnster, June 28\u201330\",\"datePublished\":\"2017-06-21T12:13:20+00:00\",\"dateModified\":\"2017-08-07T09:29:27+00:00\",\"mainEntityOfPage\":{\"@id\":\"https:\\\/\\\/sirkusinfo.fi\\\/en\\\/2017\\\/06\\\/circusinfo-attends-upsidedown-circus-and-space-conference-in-munster-june-28-30\\\/\"},\"wordCount\":118,\"commentCount\":0,\"publisher\":{\"@id\":\"https:\\\/\\\/sirkusinfo.fi\\\/en\\\/#organization\"},\"image\":{\"@id\":\"https:\\\/\\\/sirkusinfo.fi\\\/en\\\/2017\\\/06\\\/circusinfo-attends-upsidedown-circus-and-space-conference-in-munster-june-28-30\\\/#primaryimage\"},\"thumbnailUrl\":\"https:\\\/\\\/sirkusinfo.fi\\\/hallinta\\\/wp-content\\\/uploads\\\/2016\\\/08\\\/Sirkusinfo_nelio.jpg\",\"keywords\":[\"Circus research\",\"M\u00fcnster University\",\"semiotics\"],\"articleSection\":[\"News\"],\"inLanguage\":\"en-US\",\"potentialAction\":[{\"@type\":\"CommentAction\",\"name\":\"Comment\",\"target\":[\"https:\\\/\\\/sirkusinfo.fi\\\/en\\\/2017\\\/06\\\/circusinfo-attends-upsidedown-circus-and-space-conference-in-munster-june-28-30\\\/#respond\"]}]},{\"@type\":\"WebPage\",\"@id\":\"https:\\\/\\\/sirkusinfo.fi\\\/en\\\/2017\\\/06\\\/circusinfo-attends-upsidedown-circus-and-space-conference-in-munster-june-28-30\\\/\",\"url\":\"https:\\\/\\\/sirkusinfo.fi\\\/en\\\/2017\\\/06\\\/circusinfo-attends-upsidedown-circus-and-space-conference-in-munster-june-28-30\\\/\",\"name\":\"CircusInfo attends UpSideDown - Circus and Space conference in M\u00fcnster, June 28\u201330 &#8226; Sirkuksen Tiedotuskeskus\",\"isPartOf\":{\"@id\":\"https:\\\/\\\/sirkusinfo.fi\\\/en\\\/#website\"},\"primaryImageOfPage\":{\"@id\":\"https:\\\/\\\/sirkusinfo.fi\\\/en\\\/2017\\\/06\\\/circusinfo-attends-upsidedown-circus-and-space-conference-in-munster-june-28-30\\\/#primaryimage\"},\"image\":{\"@id\":\"https:\\\/\\\/sirkusinfo.fi\\\/en\\\/2017\\\/06\\\/circusinfo-attends-upsidedown-circus-and-space-conference-in-munster-june-28-30\\\/#primaryimage\"},\"thumbnailUrl\":\"https:\\\/\\\/sirkusinfo.fi\\\/hallinta\\\/wp-content\\\/uploads\\\/2016\\\/08\\\/Sirkusinfo_nelio.jpg\",\"datePublished\":\"2017-06-21T12:13:20+00:00\",\"dateModified\":\"2017-08-07T09:29:27+00:00\",\"breadcrumb\":{\"@id\":\"https:\\\/\\\/sirkusinfo.fi\\\/en\\\/2017\\\/06\\\/circusinfo-attends-upsidedown-circus-and-space-conference-in-munster-june-28-30\\\/#breadcrumb\"},\"inLanguage\":\"en-US\",\"potentialAction\":[{\"@type\":\"ReadAction\",\"target\":[\"https:\\\/\\\/sirkusinfo.fi\\\/en\\\/2017\\\/06\\\/circusinfo-attends-upsidedown-circus-and-space-conference-in-munster-june-28-30\\\/\"]}]},{\"@type\":\"ImageObject\",\"inLanguage\":\"en-US\",\"@id\":\"https:\\\/\\\/sirkusinfo.fi\\\/en\\\/2017\\\/06\\\/circusinfo-attends-upsidedown-circus-and-space-conference-in-munster-june-28-30\\\/#primaryimage\",\"url\":\"https:\\\/\\\/sirkusinfo.fi\\\/hallinta\\\/wp-content\\\/uploads\\\/2016\\\/08\\\/Sirkusinfo_nelio.jpg\",\"contentUrl\":\"https:\\\/\\\/sirkusinfo.fi\\\/hallinta\\\/wp-content\\\/uploads\\\/2016\\\/08\\\/Sirkusinfo_nelio.jpg\",\"width\":260,\"height\":260,\"caption\":\"Sirkusinfon logo\"},{\"@type\":\"BreadcrumbList\",\"@id\":\"https:\\\/\\\/sirkusinfo.fi\\\/en\\\/2017\\\/06\\\/circusinfo-attends-upsidedown-circus-and-space-conference-in-munster-june-28-30\\\/#breadcrumb\",\"itemListElement\":[{\"@type\":\"ListItem\",\"position\":1,\"name\":\"Home\",\"item\":\"https:\\\/\\\/sirkusinfo.fi\\\/en\\\/\"},{\"@type\":\"ListItem\",\"position\":2,\"name\":\"CircusInfo attends UpSideDown &#8211; Circus and Space conference in M\u00fcnster, June 28\u201330\"}]},{\"@type\":\"WebSite\",\"@id\":\"https:\\\/\\\/sirkusinfo.fi\\\/en\\\/#website\",\"url\":\"https:\\\/\\\/sirkusinfo.fi\\\/en\\\/\",\"name\":\"Sirkuksen Tiedotuskeskus\",\"description\":\"Suomalaisen sirkuksen kohtauspaikka\",\"publisher\":{\"@id\":\"https:\\\/\\\/sirkusinfo.fi\\\/en\\\/#organization\"},\"potentialAction\":[{\"@type\":\"SearchAction\",\"target\":{\"@type\":\"EntryPoint\",\"urlTemplate\":\"https:\\\/\\\/sirkusinfo.fi\\\/en\\\/?s={search_term_string}\"},\"query-input\":{\"@type\":\"PropertyValueSpecification\",\"valueRequired\":true,\"valueName\":\"search_term_string\"}}],\"inLanguage\":\"en-US\"},{\"@type\":\"Organization\",\"@id\":\"https:\\\/\\\/sirkusinfo.fi\\\/en\\\/#organization\",\"name\":\"Sirkuksen tiedotuskeskus - Circusinfo Finland\",\"url\":\"https:\\\/\\\/sirkusinfo.fi\\\/en\\\/\",\"logo\":{\"@type\":\"ImageObject\",\"inLanguage\":\"en-US\",\"@id\":\"https:\\\/\\\/sirkusinfo.fi\\\/en\\\/#\\\/schema\\\/logo\\\/image\\\/\",\"url\":\"https:\\\/\\\/sirkusinfo.fi\\\/hallinta\\\/wp-content\\\/uploads\\\/2016\\\/08\\\/Sirkusinfo_nelio.jpg\",\"contentUrl\":\"https:\\\/\\\/sirkusinfo.fi\\\/hallinta\\\/wp-content\\\/uploads\\\/2016\\\/08\\\/Sirkusinfo_nelio.jpg\",\"width\":260,\"height\":260,\"caption\":\"Sirkuksen tiedotuskeskus - Circusinfo Finland\"},\"image\":{\"@id\":\"https:\\\/\\\/sirkusinfo.fi\\\/en\\\/#\\\/schema\\\/logo\\\/image\\\/\"},\"sameAs\":[\"https:\\\/\\\/www.facebook.com\\\/sirkusinfo\\\/\",\"https:\\\/\\\/x.com\\\/sirkusinfo\",\"https:\\\/\\\/www.instagram.com\\\/sirkusinfo\\\/\",\"https:\\\/\\\/www.linkedin.com\\\/company\\\/sirkuksen-tiedotuskeskus-ry\"]},{\"@type\":\"Person\",\"@id\":\"https:\\\/\\\/sirkusinfo.fi\\\/en\\\/#\\\/schema\\\/person\\\/936f4449d777e7b14a35ee7460c04353\",\"name\":\"Miika Sillanp\u00e4\u00e4\",\"image\":{\"@type\":\"ImageObject\",\"inLanguage\":\"en-US\",\"@id\":\"https:\\\/\\\/secure.gravatar.com\\\/avatar\\\/c2771a29d242680bab3a75c06dfe2bb3046d95f4abf92259fe0fc7158991c9d2?s=96&d=mm&r=g\",\"url\":\"https:\\\/\\\/secure.gravatar.com\\\/avatar\\\/c2771a29d242680bab3a75c06dfe2bb3046d95f4abf92259fe0fc7158991c9d2?s=96&d=mm&r=g\",\"contentUrl\":\"https:\\\/\\\/secure.gravatar.com\\\/avatar\\\/c2771a29d242680bab3a75c06dfe2bb3046d95f4abf92259fe0fc7158991c9d2?s=96&d=mm&r=g\",\"caption\":\"Miika Sillanp\u00e4\u00e4\"},\"description\":\"Kirjoittaja on Sirkuksen tiedotuskeskuksen viestint\u00e4suunnittelija.\",\"url\":\"https:\\\/\\\/sirkusinfo.fi\\\/en\\\/author\\\/miikas\\\/\"}]}<\/script>\n<!-- \/ Yoast SEO plugin. -->","yoast_head_json":{"title":"CircusInfo attends UpSideDown - Circus and Space conference in M\u00fcnster, June 28\u201330 &#8226; Sirkuksen Tiedotuskeskus","robots":{"index":"index","follow":"follow","max-snippet":"max-snippet:-1","max-image-preview":"max-image-preview:large","max-video-preview":"max-video-preview:-1"},"canonical":"https:\/\/sirkusinfo.fi\/en\/2017\/06\/circusinfo-attends-upsidedown-circus-and-space-conference-in-munster-june-28-30\/","og_locale":"en_US","og_type":"article","og_title":"CircusInfo attends UpSideDown - Circus and Space conference in M\u00fcnster, June 28\u201330 &#8226; Sirkuksen Tiedotuskeskus","og_description":"Communications officer Johanna M\u00e4kel\u00e4 from CircusInfo Finland participates in the international conference on circus research [&hellip;]","og_url":"https:\/\/sirkusinfo.fi\/en\/2017\/06\/circusinfo-attends-upsidedown-circus-and-space-conference-in-munster-june-28-30\/","og_site_name":"Sirkuksen Tiedotuskeskus","article_publisher":"https:\/\/www.facebook.com\/sirkusinfo\/","article_published_time":"2017-06-21T12:13:20+00:00","article_modified_time":"2017-08-07T09:29:27+00:00","og_image":[{"width":260,"height":260,"url":"https:\/\/sirkusinfo.fi\/hallinta\/wp-content\/uploads\/2016\/08\/Sirkusinfo_nelio.jpg","type":"image\/jpeg"}],"author":"Miika Sillanp\u00e4\u00e4","twitter_card":"summary_large_image","twitter_creator":"@sirkusinfo","twitter_site":"@sirkusinfo","twitter_misc":{"Written by":"Miika Sillanp\u00e4\u00e4","Est. reading time":"1 minute"},"schema":{"@context":"https:\/\/schema.org","@graph":[{"@type":"Article","@id":"https:\/\/sirkusinfo.fi\/en\/2017\/06\/circusinfo-attends-upsidedown-circus-and-space-conference-in-munster-june-28-30\/#article","isPartOf":{"@id":"https:\/\/sirkusinfo.fi\/en\/2017\/06\/circusinfo-attends-upsidedown-circus-and-space-conference-in-munster-june-28-30\/"},"author":{"name":"Miika Sillanp\u00e4\u00e4","@id":"https:\/\/sirkusinfo.fi\/en\/#\/schema\/person\/936f4449d777e7b14a35ee7460c04353"},"headline":"CircusInfo attends UpSideDown &#8211; Circus and Space conference in M\u00fcnster, June 28\u201330","datePublished":"2017-06-21T12:13:20+00:00","dateModified":"2017-08-07T09:29:27+00:00","mainEntityOfPage":{"@id":"https:\/\/sirkusinfo.fi\/en\/2017\/06\/circusinfo-attends-upsidedown-circus-and-space-conference-in-munster-june-28-30\/"},"wordCount":118,"commentCount":0,"publisher":{"@id":"https:\/\/sirkusinfo.fi\/en\/#organization"},"image":{"@id":"https:\/\/sirkusinfo.fi\/en\/2017\/06\/circusinfo-attends-upsidedown-circus-and-space-conference-in-munster-june-28-30\/#primaryimage"},"thumbnailUrl":"https:\/\/sirkusinfo.fi\/hallinta\/wp-content\/uploads\/2016\/08\/Sirkusinfo_nelio.jpg","keywords":["Circus research","M\u00fcnster University","semiotics"],"articleSection":["News"],"inLanguage":"en-US","potentialAction":[{"@type":"CommentAction","name":"Comment","target":["https:\/\/sirkusinfo.fi\/en\/2017\/06\/circusinfo-attends-upsidedown-circus-and-space-conference-in-munster-june-28-30\/#respond"]}]},{"@type":"WebPage","@id":"https:\/\/sirkusinfo.fi\/en\/2017\/06\/circusinfo-attends-upsidedown-circus-and-space-conference-in-munster-june-28-30\/","url":"https:\/\/sirkusinfo.fi\/en\/2017\/06\/circusinfo-attends-upsidedown-circus-and-space-conference-in-munster-june-28-30\/","name":"CircusInfo attends UpSideDown - Circus and Space conference in M\u00fcnster, June 28\u201330 &#8226; Sirkuksen Tiedotuskeskus","isPartOf":{"@id":"https:\/\/sirkusinfo.fi\/en\/#website"},"primaryImageOfPage":{"@id":"https:\/\/sirkusinfo.fi\/en\/2017\/06\/circusinfo-attends-upsidedown-circus-and-space-conference-in-munster-june-28-30\/#primaryimage"},"image":{"@id":"https:\/\/sirkusinfo.fi\/en\/2017\/06\/circusinfo-attends-upsidedown-circus-and-space-conference-in-munster-june-28-30\/#primaryimage"},"thumbnailUrl":"https:\/\/sirkusinfo.fi\/hallinta\/wp-content\/uploads\/2016\/08\/Sirkusinfo_nelio.jpg","datePublished":"2017-06-21T12:13:20+00:00","dateModified":"2017-08-07T09:29:27+00:00","breadcrumb":{"@id":"https:\/\/sirkusinfo.fi\/en\/2017\/06\/circusinfo-attends-upsidedown-circus-and-space-conference-in-munster-june-28-30\/#breadcrumb"},"inLanguage":"en-US","potentialAction":[{"@type":"ReadAction","target":["https:\/\/sirkusinfo.fi\/en\/2017\/06\/circusinfo-attends-upsidedown-circus-and-space-conference-in-munster-june-28-30\/"]}]},{"@type":"ImageObject","inLanguage":"en-US","@id":"https:\/\/sirkusinfo.fi\/en\/2017\/06\/circusinfo-attends-upsidedown-circus-and-space-conference-in-munster-june-28-30\/#primaryimage","url":"https:\/\/sirkusinfo.fi\/hallinta\/wp-content\/uploads\/2016\/08\/Sirkusinfo_nelio.jpg","contentUrl":"https:\/\/sirkusinfo.fi\/hallinta\/wp-content\/uploads\/2016\/08\/Sirkusinfo_nelio.jpg","width":260,"height":260,"caption":"Sirkusinfon logo"},{"@type":"BreadcrumbList","@id":"https:\/\/sirkusinfo.fi\/en\/2017\/06\/circusinfo-attends-upsidedown-circus-and-space-conference-in-munster-june-28-30\/#breadcrumb","itemListElement":[{"@type":"ListItem","position":1,"name":"Home","item":"https:\/\/sirkusinfo.fi\/en\/"},{"@type":"ListItem","position":2,"name":"CircusInfo attends UpSideDown &#8211; Circus and Space conference in M\u00fcnster, June 28\u201330"}]},{"@type":"WebSite","@id":"https:\/\/sirkusinfo.fi\/en\/#website","url":"https:\/\/sirkusinfo.fi\/en\/","name":"Sirkuksen Tiedotuskeskus","description":"Suomalaisen sirkuksen kohtauspaikka","publisher":{"@id":"https:\/\/sirkusinfo.fi\/en\/#organization"},"potentialAction":[{"@type":"SearchAction","target":{"@type":"EntryPoint","urlTemplate":"https:\/\/sirkusinfo.fi\/en\/?s={search_term_string}"},"query-input":{"@type":"PropertyValueSpecification","valueRequired":true,"valueName":"search_term_string"}}],"inLanguage":"en-US"},{"@type":"Organization","@id":"https:\/\/sirkusinfo.fi\/en\/#organization","name":"Sirkuksen tiedotuskeskus - Circusinfo Finland","url":"https:\/\/sirkusinfo.fi\/en\/","logo":{"@type":"ImageObject","inLanguage":"en-US","@id":"https:\/\/sirkusinfo.fi\/en\/#\/schema\/logo\/image\/","url":"https:\/\/sirkusinfo.fi\/hallinta\/wp-content\/uploads\/2016\/08\/Sirkusinfo_nelio.jpg","contentUrl":"https:\/\/sirkusinfo.fi\/hallinta\/wp-content\/uploads\/2016\/08\/Sirkusinfo_nelio.jpg","width":260,"height":260,"caption":"Sirkuksen tiedotuskeskus - Circusinfo Finland"},"image":{"@id":"https:\/\/sirkusinfo.fi\/en\/#\/schema\/logo\/image\/"},"sameAs":["https:\/\/www.facebook.com\/sirkusinfo\/","https:\/\/x.com\/sirkusinfo","https:\/\/www.instagram.com\/sirkusinfo\/","https:\/\/www.linkedin.com\/company\/sirkuksen-tiedotuskeskus-ry"]},{"@type":"Person","@id":"https:\/\/sirkusinfo.fi\/en\/#\/schema\/person\/936f4449d777e7b14a35ee7460c04353","name":"Miika Sillanp\u00e4\u00e4","image":{"@type":"ImageObject","inLanguage":"en-US","@id":"https:\/\/secure.gravatar.com\/avatar\/c2771a29d242680bab3a75c06dfe2bb3046d95f4abf92259fe0fc7158991c9d2?s=96&d=mm&r=g","url":"https:\/\/secure.gravatar.com\/avatar\/c2771a29d242680bab3a75c06dfe2bb3046d95f4abf92259fe0fc7158991c9d2?s=96&d=mm&r=g","contentUrl":"https:\/\/secure.gravatar.com\/avatar\/c2771a29d242680bab3a75c06dfe2bb3046d95f4abf92259fe0fc7158991c9d2?s=96&d=mm&r=g","caption":"Miika Sillanp\u00e4\u00e4"},"description":"Kirjoittaja on Sirkuksen tiedotuskeskuksen viestint\u00e4suunnittelija.","url":"https:\/\/sirkusinfo.fi\/en\/author\/miikas\/"}]}},"_links":{"self":[{"href":"https:\/\/sirkusinfo.fi\/en\/wp-json\/wp\/v2\/posts\/5750","targetHints":{"allow":["GET"]}}],"collection":[{"href":"https:\/\/sirkusinfo.fi\/en\/wp-json\/wp\/v2\/posts"}],"about":[{"href":"https:\/\/sirkusinfo.fi\/en\/wp-json\/wp\/v2\/types\/post"}],"author":[{"embeddable":true,"href":"https:\/\/sirkusinfo.fi\/en\/wp-json\/wp\/v2\/users\/28"}],"replies":[{"embeddable":true,"href":"https:\/\/sirkusinfo.fi\/en\/wp-json\/wp\/v2\/comments?post=5750"}],"version-history":[{"count":5,"href":"https:\/\/sirkusinfo.fi\/en\/wp-json\/wp\/v2\/posts\/5750\/revisions"}],"predecessor-version":[{"id":6020,"href":"https:\/\/sirkusinfo.fi\/en\/wp-json\/wp\/v2\/posts\/5750\/revisions\/6020"}],"wp:featuredmedia":[{"embeddable":true,"href":"https:\/\/sirkusinfo.fi\/en\/wp-json\/wp\/v2\/media\/1832"}],"wp:attachment":[{"href":"https:\/\/sirkusinfo.fi\/en\/wp-json\/wp\/v2\/media?parent=5750"}],"wp:term":[{"taxonomy":"category","embeddable":true,"href":"https:\/\/sirkusinfo.fi\/en\/wp-json\/wp\/v2\/categories?post=5750"},{"taxonomy":"post_tag","embeddable":true,"href":"https:\/\/sirkusinfo.fi\/en\/wp-json\/wp\/v2\/tags?post=5750"}],"curies":[{"name":"wp","href":"https:\/\/api.w.org\/{rel}","templated":true}]}}